[{"@context":"https:\/\/schema.org\/","@type":"Article","@id":"https:\/\/www.vsuz.sk\/pracka-a-susicka\/#Article","mainEntityOfPage":"https:\/\/www.vsuz.sk\/pracka-a-susicka\/","headline":"Pr\u00e1\u010dka a su\u0161i\u010dka","name":"Pr\u00e1\u010dka a su\u0161i\u010dka","description":"Kto by nevyu\u017e\u00edval v\u00a0dne\u0161nej dobe pr\u00e1\u010dku? Pr\u00e1\u010dka m\u00e1 ve\u013emi vhodn\u00e9 vyu\u017eitie pr\u00e1ve v\u00a0mnoh\u00fdch dom\u00e1cnostiach. U\u017e by sme si ani nechceli &hellip; ","datePublished":"2023-11-28","dateModified":"2024-06-28","author":{"@type":"Person","@id":"https:\/\/www.vsuz.sk\/author\/#Person","name":"","url":"https:\/\/www.vsuz.sk\/author\/","identifier":1,"image":{"@type":"ImageObject","@id":"https:\/\/secure.gravatar.com\/avatar\/c607f8cdeb628e1fda71e81e0cbb10854858a188adc366641de57f1cadca520c?s=96&d=mm&r=g","url":"https:\/\/secure.gravatar.com\/avatar\/c607f8cdeb628e1fda71e81e0cbb10854858a188adc366641de57f1cadca520c?s=96&d=mm&r=g","height":96,"width":96}},"publisher":{"@type":"Organization","name":"vsuz.sk","logo":{"@type":"ImageObject","@id":"\/logo.png","url":"\/logo.png","width":600,"height":60}},"image":{"@type":"ImageObject","@id":"https:\/\/www.vsuz.sk\/wp-content\/uploads\/washing-machine-1786385_640.png","url":"https:\/\/www.vsuz.sk\/wp-content\/uploads\/washing-machine-1786385_640.png","height":0,"width":0},"url":"https:\/\/www.vsuz.sk\/pracka-a-susicka\/","about":["Elektro"],"wordCount":420,"articleBody":"Kto by nevyu\u017e\u00edval v\u00a0dne\u0161nej dobe pr\u00e1\u010dku? Pr\u00e1\u010dka m\u00e1 ve\u013emi vhodn\u00e9 vyu\u017eitie pr\u00e1ve v\u00a0mnoh\u00fdch dom\u00e1cnostiach. U\u017e by sme si ani nechceli predstavi\u0165 \u010dasy, kedy na\u0161e babi\u010dky a\u00a0prababi\u010dky prali pr\u00e1dlo v\u00a0ruk\u00e1ch v\u00a0potoku. To by muselo by\u0165 stra\u0161n\u00e9. Bez pr\u00e1\u010dky sa ned\u00e1 \u017ei\u0165. Aspo\u0148 pod\u013ea m\u0148a. Aj vy pou\u017e\u00edvate pr\u00e1\u010dku? Mysl\u00edm si \u017ee tie\u017e \u00e1no a je va\u0161im ve\u013emi dobr\u00fdm pomocn\u00edkom.\u00a0To sa asi ani nemus\u00edm p\u00fdta\u0165. Odpove\u010f by bola jednozna\u010dn\u00e1.\u00a0Pr\u00e1\u010dka je elektrick\u00fdm spotrebi\u010dom. Je to zariadenie, ktor\u00e9 m\u00e1 za hlavn\u00fa \u00falohu vy\u010disti\u0165 n\u00e1m na\u0161e oble\u010denie alebo aj spodn\u00e9 pr\u00e1dlo. \u00a0\u00a0Ak do nej vlo\u017e\u00edte a\u00a0vlejete prac\u00ed prostriedok, va\u0161e pr\u00e1dlo budete ma\u0165 po dopran\u00ed kr\u00e1sne vo\u0148av\u00e9 a\u00a0\u010dist\u00e9. Je rados\u0165 si oblieka\u0165 vo\u0148av\u00e9 pr\u00e1dlo. \u010cist\u00e9 oble\u010denie je ve\u013emi pohodln\u00e9. Radi nos\u00edte vyprat\u00e9 oble\u010denie? Neviem si predstavi\u0165 de\u0148, kedy by som si na seba obliekla \u0161pinav\u00e9 alebo pou\u017eit\u00e9 oble\u010denie. Oble\u010denie vyprat\u00e9 v\u00a0pr\u00e1\u010dke by sme mali necha\u0165 vysu\u0161i\u0165. Mnoh\u00e9 \u017eeny ho e\u0161te rozve\u0161aj\u00fa na su\u0161iak, ktor\u00fd bu\u010f umiestnia v\u00a0bytoch alebo aj na balk\u00f3noch. Av\u0161ak ja vyu\u017e\u00edvam su\u0161i\u010dku na pr\u00e1dlo. Je to vynikaj\u00faci pomocn\u00edk. M\u00f4\u017eem po pran\u00ed a\u00a0su\u0161en\u00ed hne\u010f odklada\u0165 oble\u010denie a\u00a0nemus\u00edm \u010daka\u0165 t\u00fd\u017ede\u0148, aby sa mi vysu\u0161ilo na su\u0161iaku. \u00a0\u00a0Su\u0161i\u010dka taktie\u017e vynikaj\u00faco odstra\u0148uje prach, ktor\u00fd sa skr\u00fdva v\u00a0oble\u010den\u00ed. K\u00fdm som nemala su\u0161i\u010dku pr\u00e1dla, ani som len netu\u0161ila, ko\u013eko prachu sa zbiera pr\u00e1ve v\u00a0oble\u010den\u00ed. Na vysu\u0161enie na su\u0161iaku som \u010dakala t\u00fd\u017ede\u0148, no potom som oble\u010denie musela aj vy\u017eehli\u0165. Tento proces je ve\u013emi zlo\u017eit\u00fd a\u00a0zd\u013ahav\u00fd. K\u00fdm v\u0161etko vyperiete, posu\u0161\u00edte na su\u0161iaku, vy\u017eehl\u00edte, prejde mno\u017estvo \u010dasu. Zrazu m\u00e1te znovu preplnen\u00fd k\u00f4\u0161 na bielize\u0148. Opakujete t\u00fato \u010dinnos\u0165 ka\u017ed\u00fd t\u00fd\u017ede\u0148. M\u0148a to prestalo bavi\u0165. Povedala som si, \u017ee si mus\u00edm u\u013eah\u010di\u0165 svoju pr\u00e1cu a\u00a0u\u013eah\u010dila som si ju pr\u00e1ve su\u0161i\u010dkou na pr\u00e1dlo. Po vysu\u0161en\u00ed pr\u00e1dlo u\u017e nie je nutn\u00e9 \u017eehli\u0165. Sta\u010d\u00ed, ke\u010f ho pouklad\u00e1te do \u0161atn\u00edkovej skrine.                                                                                                                                                                                                                                                                                                                                                                                        4.8\/5 - (5 votes)        "},{"@context":"https:\/\/schema.org\/","@type":"BreadcrumbList","itemListElement":[{"@type":"ListItem","position":1,"name":"Pr\u00e1\u010dka a su\u0161i\u010dka","item":"https:\/\/www.vsuz.sk\/pracka-a-susicka\/#breadcrumbitem"}]}]