[{"@context":"https:\/\/schema.org\/","@type":"Article","@id":"https:\/\/www.vsuz.sk\/co-vas-caka-a-neminie-po-operacii-krcovych-zil\/#Article","mainEntityOfPage":"https:\/\/www.vsuz.sk\/co-vas-caka-a-neminie-po-operacii-krcovych-zil\/","headline":"\u010co v\u00e1s \u010dak\u00e1 a neminie po oper\u00e1cii k\u0155\u010dov\u00fdch \u017e\u00edl","name":"\u010co v\u00e1s \u010dak\u00e1 a neminie po oper\u00e1cii k\u0155\u010dov\u00fdch \u017e\u00edl","description":"Oper\u00e1cia k\u0155\u010dov\u00fdch \u017e\u00edl s\u00edce nepatr\u00ed medzi nebezpe\u010dn\u00e9, n\u00e1ro\u010dn\u00e9 a ani bolestiv\u00e9 z\u00e1kroky, av\u0161ak na druhej strane, nem\u00f4\u017eete o\u010dak\u00e1va\u0165, \u017ee si &hellip; ","datePublished":"2019-05-27","dateModified":"2023-05-05","author":{"@type":"Person","@id":"https:\/\/www.vsuz.sk\/author\/#Person","name":"","url":"https:\/\/www.vsuz.sk\/author\/","identifier":1,"image":{"@type":"ImageObject","@id":"https:\/\/secure.gravatar.com\/avatar\/c607f8cdeb628e1fda71e81e0cbb10854858a188adc366641de57f1cadca520c?s=96&d=mm&r=g","url":"https:\/\/secure.gravatar.com\/avatar\/c607f8cdeb628e1fda71e81e0cbb10854858a188adc366641de57f1cadca520c?s=96&d=mm&r=g","height":96,"width":96}},"publisher":{"@type":"Organization","name":"vsuz.sk","logo":{"@type":"ImageObject","@id":"\/logo.png","url":"\/logo.png","width":600,"height":60}},"image":{"@type":"ImageObject","@id":"https:\/\/www.vsuz.sk\/wp-content\/uploads\/img_a303318_w16663_t1563520199.jpg","url":"https:\/\/www.vsuz.sk\/wp-content\/uploads\/img_a303318_w16663_t1563520199.jpg","height":0,"width":0},"url":"https:\/\/www.vsuz.sk\/co-vas-caka-a-neminie-po-operacii-krcovych-zil\/","about":["\u017deny"],"wordCount":408,"articleBody":"           Oper\u00e1cia k\u0155\u010dov\u00fdch \u017e\u00edl s\u00edce nepatr\u00ed medzi nebezpe\u010dn\u00e9, n\u00e1ro\u010dn\u00e9 a ani bolestiv\u00e9 z\u00e1kroky, av\u0161ak na druhej strane, nem\u00f4\u017eete o\u010dak\u00e1va\u0165, \u017ee si ju ani nev\u0161imnete. Ak v\u00e1s nie\u010do podobn\u00e9 \u010dak\u00e1, no neviete \u010do v\u0161etko m\u00e1te od tohto z\u00e1kroku o\u010dak\u00e1va\u0165, \u010d\u00edtajte \u010falej.  Budem ma\u0165 na noh\u00e1ch jazvy ?   To, ako bud\u00fa va\u0161e nohy vyzera\u0165 ihne\u010f po z\u00e1kroku, z\u00e1vis\u00ed najm\u00e4 od toho, akou met\u00f3dou bude preveden\u00fd. Napr\u00edklad pri odstr\u00e1nen\u00ed laserom, na va\u0161ich noh\u00e1ch neostan\u00fa takmer \u017eiadne stopy. Pri chirurgickom odstr\u00e1nen\u00ed sa pripravte na jazvy v trieslach. Skleroterapia v\u00e1m zas na noh\u00e1ch zanech\u00e1 drobn\u00e9 ranky, ktor\u00e9 v\u0161ak po kr\u00e1tkej dobe zmizn\u00fa. M\u00e1m sa ob\u00e1va\u0165 modr\u00edn?   Modriny po oper\u00e1cii k\u0155\u010dov\u00fdch \u017e\u00edl nie s\u00fa ni\u010d\u00edm neobvykl\u00fdm. Ak lie\u010dba prebieha spr\u00e1vne, mali by do nieko\u013ek\u00fdch dn\u00ed zmizn\u00fa\u0165 i sam\u00e9. Pokia\u013e by v\u0161ak modriny z va\u0161ich n\u00f4h nezmizli ani po dlh\u0161om \u010dase, ur\u010dite sa objednajte u svojho cievneho lek\u00e1ra. M\u00f4\u017ee \u00eds\u0165 toti\u017e o prejav toho, \u017ee sa nohy nehoja tak, ako by mali. Budem musie\u0165 nosi\u0165 kompresn\u00e9 pan\u010duchy?   Aj v tomto pr\u00edpade, odpove\u010f z\u00e1vis\u00ed od toho, akou met\u00f3dou v\u00e1m k\u0155\u010dov\u00ed \u017eily odstr\u00e1nia. Po z\u00e1kroku laserom, ich budete musie\u0165 nosi\u0165 len de\u0148 \u010di dva. Pri chirurgickom odstr\u00e1nen\u00ed hovor\u00edme o omnoho dlh\u0161ej dobe, ktor\u00e1 sa niekedy m\u00f4\u017ee pohybova\u0165 aj okolo mesiaca. https:\/\/fitshaker.sk\/v-ktorej-faze-mesiaca-sa-najlahsie-chudne-je-spln-ci-nov-ci-ina-faza\/  Pri skleroterapii sa pan\u010duch\u00e1m nevyhnete, no doba ich nosenia nepresahuje t\u00fd\u017ede\u0148.   Budem musie\u0165 mar\u00f3dova\u0165?   Ak z\u00e1krok prebehne bez komplik\u00e1cii, do pr\u00e1ce sa budete m\u00f4c\u0165 vr\u00e1ti\u0165 u\u017e na druh\u00fd de\u0148. Napr\u00edklad odstr\u00e1nenie spom\u00ednan\u00fdm laserom trv\u00e1 iba nieko\u013eko min\u00fat a do be\u017en\u00e9ho \u017eivota sa m\u00f4\u017eete vr\u00e1ti\u0165 ihne\u010f. Budem m\u00f4c\u0165 \u0161portova\u0165?   \u0160portova\u0165 nem\u00f4\u017eete, ale mus\u00edte. Pohyb je najlep\u0161\u00edm prostriedkom na lie\u010dbu k\u0155\u010dov\u00fdch \u017e\u00edl. Sna\u017ete sa svoje nohy nadmerne neza\u0165a\u017eova\u0165, av\u0161ak na druhej strane, ich ani pr\u00edli\u0161 ne\u0161etrite. Budem ma\u0165 po z\u00e1kroku bolesti?   Bolesti sa m\u00f4\u017eu objavi\u0165 v dan\u00fd de\u0148, maxim\u00e1lne ten \u010fal\u0161\u00ed. Ak by nezmizli ani po t\u00fd\u017edni, mali by ste vyh\u013eada\u0165 lek\u00e1ra.                                                                                                                                                                                                                                                                                                                                                                                          4.1\/5 - (10 votes)        "},{"@context":"https:\/\/schema.org\/","@type":"BreadcrumbList","itemListElement":[{"@type":"ListItem","position":1,"name":"\u010co v\u00e1s \u010dak\u00e1 a neminie po oper\u00e1cii k\u0155\u010dov\u00fdch \u017e\u00edl","item":"https:\/\/www.vsuz.sk\/co-vas-caka-a-neminie-po-operacii-krcovych-zil\/#breadcrumbitem"}]}]